{"id":5507,"date":"2016-09-29T11:10:52","date_gmt":"2016-09-29T09:10:52","guid":{"rendered":"http:\/\/2016.forzaitalia.pl\/?p=5507"},"modified":"2016-11-20T14:52:12","modified_gmt":"2016-11-20T12:52:12","slug":"relacje-po-zlocie","status":"publish","type":"post","link":"https:\/\/2016.forzaitalia.pl\/index.php\/2016\/09\/29\/relacje-po-zlocie\/","title":{"rendered":"Relacje po zlocie"},"content":{"rendered":"<blockquote data-secret=\"E8sIKj6zal\" class=\"wp-embedded-content\"><p><a href=\"http:\/\/fotopatologia.pl\/?p=470\">ForzaItalia.pl 2016<\/a><\/p><\/blockquote>\n<p><iframe loading=\"lazy\" class=\"wp-embedded-content\" sandbox=\"allow-scripts\" security=\"restricted\" style=\"position: absolute; clip: rect(1px, 1px, 1px, 1px);\" src=\"http:\/\/fotopatologia.pl\/?p=470&#038;embed=true#?secret=E8sIKj6zal\" data-secret=\"E8sIKj6zal\" width=\"600\" height=\"338\" title=\"Osadzony wpis WordPressa\" frameborder=\"0\" marginwidth=\"0\" marginheight=\"0\" scrolling=\"no\"><\/iframe><\/p>\n<p>&nbsp;<\/p>\n<p><a href=\"http:\/\/www.topgear.com.pl\/garaz\/tydzien-z-giulia-quadrifoglio-dzien-5\/sr7efh\">http:\/\/www.topgear.com.pl\/garaz\/tydzien-z-giulia-quadrifoglio-dzien-5\/sr7efh<\/a><\/p>\n<p><a href=\"http:\/\/www.auto-swiat.pl\/wiadomosci\/forza-italia-2016-zlot-wloskiej-motoryzacji-w-dworze-many\/0g123t#fp=as\">http:\/\/www.auto-swiat.pl\/wiadomosci\/forza-italia-2016-zlot-wloskiej-motoryzacji-w-dworze-many\/0g123t#fp=as<\/a><\/p>\n<p><a href=\"http:\/\/superauto24.se.pl\/moto-news\/forza-italia-2016-wloskie-pieknosci-na-pikniku-pod-palacem-many_894976.html\">http:\/\/superauto24.se.pl\/moto-news\/forza-italia-2016-wloskie-pieknosci-na-pikniku-pod-palacem-many_894976.html<\/a><\/p>\n<blockquote data-secret=\"GGqGoB69fF\" class=\"wp-embedded-content\"><p><a href=\"http:\/\/autogaleria.pl\/nowosci\/wydarzenia\/forza-italia-2016-nasza-relacja-oraz-galeria-zdjec\/\">Forza Italia 2016 &#8211; nasza relacja oraz galeria zdj\u0119\u0107<\/a><\/p><\/blockquote>\n<p><iframe loading=\"lazy\" class=\"wp-embedded-content\" sandbox=\"allow-scripts\" security=\"restricted\" style=\"position: absolute; clip: rect(1px, 1px, 1px, 1px);\" src=\"http:\/\/autogaleria.pl\/nowosci\/wydarzenia\/forza-italia-2016-nasza-relacja-oraz-galeria-zdjec\/embed\/#?secret=GGqGoB69fF\" data-secret=\"GGqGoB69fF\" width=\"600\" height=\"338\" title=\"&#8222;Forza Italia 2016 &#8211; nasza relacja oraz galeria zdj\u0119\u0107&#8221; &#8212; autoGALERIA.pl\" frameborder=\"0\" marginwidth=\"0\" marginheight=\"0\" scrolling=\"no\"><\/iframe><\/p>\n<blockquote data-secret=\"0mQfden21x\" class=\"wp-embedded-content\"><p><a href=\"http:\/\/motosoul.pl\/forza-italia-2016\/\">Forza Italia 2016<\/a><\/p><\/blockquote>\n<p><iframe loading=\"lazy\" class=\"wp-embedded-content\" sandbox=\"allow-scripts\" security=\"restricted\" style=\"position: absolute; clip: rect(1px, 1px, 1px, 1px);\" src=\"http:\/\/motosoul.pl\/forza-italia-2016\/embed\/#?secret=0mQfden21x\" data-secret=\"0mQfden21x\" width=\"600\" height=\"338\" title=\"&#8222;Forza Italia 2016&#8221; &#8212; Blog motoryzacyjny Moto Soul\" frameborder=\"0\" marginwidth=\"0\" marginheight=\"0\" scrolling=\"no\"><\/iframe><\/p>\n<blockquote data-secret=\"5cdzyHSXmu\" class=\"wp-embedded-content\"><p><a href=\"http:\/\/wr7.pl\/2016\/09\/forza-italia-2016-spotkanie-milosnikow-motoryzacji\/\">Forza Italia 2016 &#8211; Spotkanie mi\u0142o\u015bnik\u00f3w w\u0142oskiej motoryzacji<\/a><\/p><\/blockquote>\n<p><iframe loading=\"lazy\" class=\"wp-embedded-content\" sandbox=\"allow-scripts\" security=\"restricted\" style=\"position: absolute; clip: rect(1px, 1px, 1px, 1px);\" src=\"http:\/\/wr7.pl\/2016\/09\/forza-italia-2016-spotkanie-milosnikow-motoryzacji\/embed\/#?secret=5cdzyHSXmu\" data-secret=\"5cdzyHSXmu\" width=\"600\" height=\"338\" title=\"&#8222;Forza Italia 2016 &#8211; Spotkanie mi\u0142o\u015bnik\u00f3w w\u0142oskiej motoryzacji&#8221; &#8212; WR7\" frameborder=\"0\" marginwidth=\"0\" marginheight=\"0\" scrolling=\"no\"><\/iframe><\/p>\n<p>&nbsp;<\/p>\n<p><a href=\"http:\/\/www.tarczyn.pl\/527-Prezentacjanewsa-74253-p_1.htm\">http:\/\/www.tarczyn.pl\/527-Prezentacjanewsa-74253-p_1.htm<\/a><\/p>\n<p><a href=\"http:\/\/harmas.pl\/zdjecia-2\/motoryzacja\/forza-italia-czyli-zlot-fanow-wloskiej-motoryzacji\/\">http:\/\/harmas.pl\/zdjecia-2\/motoryzacja\/forza-italia-czyli-zlot-fanow-wloskiej-motoryzacji\/<\/a><\/p>\n<p>Sebastian Tuszy\u0144ski: <a href=\"https:\/\/www.facebook.com\/TuszynskiFoto\/photos\/?tab=album&amp;album_id=1195707210490968\">https:\/\/www.facebook.com\/TuszynskiFoto\/photos\/?tab=album&amp;album_id=1195707210490968<\/a><\/p>\n<p>Dobre Bo W\u0142oskie:\u00a0<a href=\"https:\/\/www.facebook.com\/dobe.bo.wloskie\/photos\/?tab=album&amp;album_id=1829228450643269\">https:\/\/www.facebook.com\/dobe.bo.wloskie\/photos\/?tab=album&amp;album_id=1829228450643269<\/a><\/p>\n<p>Miko\u0142aj Mazurek:\u00a0<a href=\"https:\/\/www.flickr.com\/photos\/144209024@N04\/albums\/72157670998038374\">https:\/\/www.flickr.com\/photos\/144209024@N04\/albums\/72157670998038374<\/a><\/p>\n<p>Robert Kruczek:\u00a0<a href=\"https:\/\/photos.google.com\/share\/AF1QipN9LN3kWgz4sJ8zDaTenPKNeLqubbPBJie_56gORmkahvZ3MNLVcz1ZsxARLL7pNw?key=Mm4ydWppOTJQS3VoclBpQWxfSHNiaXY5ME1IQmlR\">https:\/\/photos.google.com\/share\/AF1QipN9LN3kWgz4sJ8zDaTenPKNeLqubbPBJie_56gORmkahvZ3MNLVcz1ZsxARLL7pNw?key=Mm4ydWppOTJQS3VoclBpQWxfSHNiaXY5ME1IQmlR<\/a><\/p>\n<p>Bart\u0142omiej Krendzelak:\u00a0<a href=\"https:\/\/www.facebook.com\/krendzel\/media_set?set=a.1441842635831138.1073741837.100000162460808&amp;type=3\">https:\/\/www.facebook.com\/krendzel\/media_set?set=a.1441842635831138.1073741837.100000162460808&amp;type=3<\/a><\/p>\n<p>Agata Pietruszka:\u00a0<a href=\"https:\/\/www.facebook.com\/petrolhead.girl\/media_set?set=a.1299044983463789.1073741875.100000748991211&amp;type=3\">https:\/\/www.facebook.com\/petrolhead.girl\/media_set?set=a.1299044983463789.1073741875.100000748991211&amp;type=3<\/a><\/p>\n<p>Sileshion:<\/p>\n<p><a href=\"https:\/\/sileshion.com\/2016\/11\/19\/forza-italia-2016\/\">Forza Italia 2016<\/a><\/p>\n<p>Sylwia Brzezi\u0144ska:\u00a0<a href=\"https:\/\/www.facebook.com\/sylwia.spiczakbrzezinska\/media_set?set=a.10205460442709142.1073741833.1792842954&amp;type=3&amp;pnref=story\">https:\/\/www.facebook.com\/sylwia.spiczakbrzezinska\/media_set?set=a.10205460442709142.1073741833.1792842954&amp;type=3&amp;pnref=story<\/a><\/p>\n<p>Elegancko Photography:\u00a0<a href=\"https:\/\/www.facebook.com\/eleganckophotography\/photos\/?tab=album&amp;album_id=925746227570272\">https:\/\/www.facebook.com\/eleganckophotography\/photos\/?tab=album&amp;album_id=925746227570272<\/a><\/p>\n<p>Classic Wheels Media:\u00a0<a href=\"https:\/\/www.facebook.com\/classicwheelsmedia\/photos\/?tab=album&amp;album_id=1656740344616507\">https:\/\/www.facebook.com\/classicwheelsmedia\/photos\/?tab=album&amp;album_id=1656740344616507<\/a><\/p>\n<p>PES Photo:\u00a0<a href=\"https:\/\/www.facebook.com\/pesfoto\/photos\/?tab=album&amp;album_id=1203400703052880\">https:\/\/www.facebook.com\/pesfoto\/photos\/?tab=album&amp;album_id=1203400703052880<\/a><\/p>\n<p><a href=\"http:\/\/pskrzypczynski.blogspot.com\/2016\/10\/zlot-forza-italia-2016.html\">http:\/\/pskrzypczynski.blogspot.com\/2016\/10\/zlot-forza-italia-2016.html<\/a><\/p>\n<p>Couple Shoots Cars:\u00a0<a href=\"https:\/\/www.facebook.com\/CoupleShootsCars\/photos\/?tab=album&amp;album_id=1088478301201703\">https:\/\/www.facebook.com\/CoupleShootsCars\/photos\/?tab=album&amp;album_id=1088478301201703<\/a><\/p>\n<p>Czasami.pl <a href=\"http:\/\/czasami.pl\/forzaitalia-2016-czyli-male-wlochy-pod-tarczynem\">http:\/\/czasami.pl\/forzaitalia-2016-czyli-male-wlochy-pod-tarczynem<\/a><\/p>\n<p>World According to Vase:\u00a0<a href=\"https:\/\/worldaccordingtovase.blogspot.com\/2016\/09\/forza.html\">https:\/\/worldaccordingtovase.blogspot.com\/2016\/09\/forza.html<\/a><\/p>\n<p>Agata Wika:\u00a0<a href=\"https:\/\/plus.google.com\/u\/0\/photos\/116693875744129645450\/album\/6336863788534123537?authkey=CKW34KGrrdm-gAE\">https:\/\/plus.google.com\/u\/0\/photos\/116693875744129645450\/album\/6336863788534123537?authkey=CKW34KGrrdm-gAE<\/a><\/p>\n<p>MW Pictures:\u00a0<a href=\"https:\/\/www.facebook.com\/mwpicturespl\/photos\/?tab=album&amp;album_id=540179846180001\">https:\/\/www.facebook.com\/mwpicturespl\/photos\/?tab=album&amp;album_id=540179846180001<\/a><\/p>\n<p>Kurier Po\u0142udniow: <a href=\"http:\/\/kurierpoludniowy.pl\/wiadomosci.php?art=17287\">http:\/\/kurierpoludniowy.pl\/wiadomosci.php?art=17287<\/a><\/p>\n<p>Video relacje:<\/p>\n<p>TVN Turbo:\u00a0<a href=\"http:\/\/www.motofakty.pl\/artykul\/forza-italia-zlot-milosnikow-wloskiej-motoryzacji.html\">http:\/\/www.motofakty.pl\/artykul\/forza-italia-zlot-milosnikow-wloskiej-motoryzacji.html<\/a><\/p>\n<div class=\"post-video\"><iframe loading=\"lazy\" width=\"1165\" height=\"655\" src=\"https:\/\/www.youtube.com\/embed\/6wKKMCNTltE?feature=oembed\" frameborder=\"0\" allowfullscreen><\/iframe><\/div>\n<div class=\"post-video\"><iframe loading=\"lazy\" width=\"1165\" height=\"655\" src=\"https:\/\/www.youtube.com\/embed\/I44BG5ZPYws?feature=oembed\" frameborder=\"0\" allowfullscreen><\/iframe><\/div>\n<div class=\"post-video\"><iframe loading=\"lazy\" width=\"1165\" height=\"655\" src=\"https:\/\/www.youtube.com\/embed\/6iI51kg-E1o?feature=oembed\" frameborder=\"0\" allowfullscreen><\/iframe><\/div>\n<div class=\"post-video\"><iframe loading=\"lazy\" width=\"1165\" height=\"655\" src=\"https:\/\/www.youtube.com\/embed\/gylBYnpJQ20?feature=oembed\" frameborder=\"0\" allowfullscreen><\/iframe><\/div>\n<p><a href=\"https:\/\/www.facebook.com\/classicwheelsmedia\/videos\/1656979627925912\/\">https:\/\/www.facebook.com\/classicwheelsmedia\/videos\/1656979627925912\/<\/a><\/p>\n","protected":false},"excerpt":{"rendered":"<p>ForzaItalia.pl 2016 &nbsp; http:\/\/www.topgear.com.pl\/garaz\/tydzien-z-giulia-quadrifoglio-dzien-5\/sr7efh http:\/\/www.auto-swiat.pl\/wiadomosci\/forza-italia-2016-zlot-wloskiej-motoryzacji-w-dworze-many\/0g123t#fp=as http:\/\/superauto24.se.pl\/moto-news\/forza-italia-2016-wloskie-pieknosci-na-pikniku-pod-palacem-many_894976.html Forza Italia 2016 &#8211; nasza relacja oraz galeria zdj\u0119\u0107 Forza Italia 2016 Forza Italia 2016 &#8211; Spotkanie mi\u0142o\u015bnik\u00f3w w\u0142oskiej motoryzacji &nbsp; http:\/\/www.tarczyn.pl\/527-Prezentacjanewsa-74253-p_1.htm http:\/\/harmas.pl\/zdjecia-2\/motoryzacja\/forza-italia-czyli-zlot-fanow-wloskiej-motoryzacji\/ Sebastian Tuszy\u0144ski: https:\/\/www.facebook.com\/TuszynskiFoto\/photos\/?tab=album&amp;album_id=1195707210490968 Dobre Bo W\u0142oskie:\u00a0https:\/\/www.facebook.com\/dobe.bo.wloskie\/photos\/?tab=album&amp;album_id=1829228450643269 Miko\u0142aj Mazurek:\u00a0https:\/\/www.flickr.com\/photos\/144209024@N04\/albums\/72157670998038374 Robert Kruczek:\u00a0https:\/\/photos.google.com\/share\/AF1QipN9LN3kWgz4sJ8zDaTenPKNeLqubbPBJie_56gORmkahvZ3MNLVcz1ZsxARLL7pNw?key=Mm4ydWppOTJQS3VoclBpQWxfSHNiaXY5ME1IQmlR Bart\u0142omiej Krendzelak:\u00a0https:\/\/www.facebook.com\/krendzel\/media_set?set=a.1441842635831138.1073741837.100000162460808&amp;type=3 Agata Pietruszka:\u00a0https:\/\/www.facebook.com\/petrolhead.girl\/media_set?set=a.1299044983463789.1073741875.100000748991211&amp;type=3 Sileshion: Forza Italia 2016 Sylwia Brzezi\u0144ska:\u00a0https:\/\/www.facebook.com\/sylwia.spiczakbrzezinska\/media_set?set=a.10205460442709142.1073741833.1792842954&amp;type=3&amp;pnref=story Elegancko Photography:\u00a0https:\/\/www.facebook.com\/eleganckophotography\/photos\/?tab=album&amp;album_id=925746227570272 Classic Wheels Media:\u00a0https:\/\/www.facebook.com\/classicwheelsmedia\/photos\/?tab=album&amp;album_id=1656740344616507 PES [&hellip;]<\/p>\n","protected":false},"author":1,"featured_media":0,"comment_status":"open","ping_status":"open","sticky":false,"template":"","format":"standard","meta":{"_monsterinsights_skip_tracking":false,"_monsterinsights_sitenote_active":false,"_monsterinsights_sitenote_note":"","_monsterinsights_sitenote_category":0,"footnotes":""},"categories":[2],"tags":[],"class_list":["post-5507","post","type-post","status-publish","format-standard","hentry","category-aktualnosci","has-post-title","has-post-date","has-post-category","has-post-tag","has-post-comment","has-post-author",""],"builder_content":"","_links":{"self":[{"href":"https:\/\/2016.forzaitalia.pl\/index.php\/wp-json\/wp\/v2\/posts\/5507","targetHints":{"allow":["GET"]}}],"collection":[{"href":"https:\/\/2016.forzaitalia.pl\/index.php\/wp-json\/wp\/v2\/posts"}],"about":[{"href":"https:\/\/2016.forzaitalia.pl\/index.php\/wp-json\/wp\/v2\/types\/post"}],"author":[{"embeddable":true,"href":"https:\/\/2016.forzaitalia.pl\/index.php\/wp-json\/wp\/v2\/users\/1"}],"replies":[{"embeddable":true,"href":"https:\/\/2016.forzaitalia.pl\/index.php\/wp-json\/wp\/v2\/comments?post=5507"}],"version-history":[{"count":21,"href":"https:\/\/2016.forzaitalia.pl\/index.php\/wp-json\/wp\/v2\/posts\/5507\/revisions"}],"predecessor-version":[{"id":5538,"href":"https:\/\/2016.forzaitalia.pl\/index.php\/wp-json\/wp\/v2\/posts\/5507\/revisions\/5538"}],"wp:attachment":[{"href":"https:\/\/2016.forzaitalia.pl\/index.php\/wp-json\/wp\/v2\/media?parent=5507"}],"wp:term":[{"taxonomy":"category","embeddable":true,"href":"https:\/\/2016.forzaitalia.pl\/index.php\/wp-json\/wp\/v2\/categories?post=5507"},{"taxonomy":"post_tag","embeddable":true,"href":"https:\/\/2016.forzaitalia.pl\/index.php\/wp-json\/wp\/v2\/tags?post=5507"}],"curies":[{"name":"wp","href":"https:\/\/api.w.org\/{rel}","templated":true}]}}