{"id":5407,"date":"2016-09-16T07:41:58","date_gmt":"2016-09-16T07:41:58","guid":{"rendered":"http:\/\/2016.forzaitalia.pl\/?p=5407"},"modified":"2016-09-16T10:51:31","modified_gmt":"2016-09-16T10:51:31","slug":"motoryzacyjna-pasja-partnerem-forzy","status":"publish","type":"post","link":"https:\/\/2016.forzaitalia.pl\/index.php\/2016\/09\/16\/motoryzacyjna-pasja-partnerem-forzy\/","title":{"rendered":"Motoryzacyjna Pasja partnerem Forzy"},"content":{"rendered":"<p>Nowo otwarty sklep <a href=\"https:\/\/www.facebook.com\/MotoryzacyjnaPasja\">MotoryzacyjnaPasja<\/a> b\u0119dzie z nami na pikniku. Jakub, opr\u00f3cz swojego democaru zaprezentuje ofert\u0119 cz\u0119\u015bci do tuningu oraz kosmetyk\u00f3w do detailingu \ud83d\ude42<\/p>\n<p><img loading=\"lazy\" decoding=\"async\" class=\"alignnone size-large wp-image-5411\" src=\"http:\/\/2016.forzaitalia.pl\/wp-content\/uploads\/2016\/09\/FB_IMG_1473026221828-1024x683.jpg\" alt=\"Motoryzacyjna Pasja\" width=\"1024\" height=\"683\" srcset=\"https:\/\/2016.forzaitalia.pl\/wp-content\/uploads\/2016\/09\/FB_IMG_1473026221828-1024x683.jpg 1024w, https:\/\/2016.forzaitalia.pl\/wp-content\/uploads\/2016\/09\/FB_IMG_1473026221828-300x200.jpg 300w, https:\/\/2016.forzaitalia.pl\/wp-content\/uploads\/2016\/09\/FB_IMG_1473026221828-768x512.jpg 768w, https:\/\/2016.forzaitalia.pl\/wp-content\/uploads\/2016\/09\/FB_IMG_1473026221828.jpg 1080w\" sizes=\"auto, (max-width: 1024px) 100vw, 1024px\" \/><\/p>\n<p><img loading=\"lazy\" decoding=\"async\" class=\"alignnone size-large wp-image-5408\" src=\"http:\/\/2016.forzaitalia.pl\/wp-content\/uploads\/2016\/09\/13119965_785087128259229_3104149427065877254_o-1024x680.jpg\" alt=\"Motoryzacyjna Pasja\" width=\"1024\" height=\"680\" srcset=\"https:\/\/2016.forzaitalia.pl\/wp-content\/uploads\/2016\/09\/13119965_785087128259229_3104149427065877254_o-1024x680.jpg 1024w, https:\/\/2016.forzaitalia.pl\/wp-content\/uploads\/2016\/09\/13119965_785087128259229_3104149427065877254_o-300x199.jpg 300w, https:\/\/2016.forzaitalia.pl\/wp-content\/uploads\/2016\/09\/13119965_785087128259229_3104149427065877254_o-768x510.jpg 768w, https:\/\/2016.forzaitalia.pl\/wp-content\/uploads\/2016\/09\/13119965_785087128259229_3104149427065877254_o.jpg 2048w\" sizes=\"auto, (max-width: 1024px) 100vw, 1024px\" \/><\/p>\n","protected":false},"excerpt":{"rendered":"<p>Nowo otwarty sklep MotoryzacyjnaPasja b\u0119dzie z nami na pikniku. Jakub, opr\u00f3cz swojego democaru zaprezentuje ofert\u0119 cz\u0119\u015bci do tuningu oraz kosmetyk\u00f3w do detailingu \ud83d\ude42<\/p>\n","protected":false},"author":1,"featured_media":0,"comment_status":"open","ping_status":"open","sticky":false,"template":"","format":"standard","meta":{"_monsterinsights_skip_tracking":false,"_monsterinsights_sitenote_active":false,"_monsterinsights_sitenote_note":"","_monsterinsights_sitenote_category":0,"footnotes":""},"categories":[3],"tags":[],"class_list":["post-5407","post","type-post","status-publish","format-standard","hentry","category-atrakcje","has-post-title","has-post-date","has-post-category","has-post-tag","has-post-comment","has-post-author",""],"builder_content":"","_links":{"self":[{"href":"https:\/\/2016.forzaitalia.pl\/index.php\/wp-json\/wp\/v2\/posts\/5407","targetHints":{"allow":["GET"]}}],"collection":[{"href":"https:\/\/2016.forzaitalia.pl\/index.php\/wp-json\/wp\/v2\/posts"}],"about":[{"href":"https:\/\/2016.forzaitalia.pl\/index.php\/wp-json\/wp\/v2\/types\/post"}],"author":[{"embeddable":true,"href":"https:\/\/2016.forzaitalia.pl\/index.php\/wp-json\/wp\/v2\/users\/1"}],"replies":[{"embeddable":true,"href":"https:\/\/2016.forzaitalia.pl\/index.php\/wp-json\/wp\/v2\/comments?post=5407"}],"version-history":[{"count":2,"href":"https:\/\/2016.forzaitalia.pl\/index.php\/wp-json\/wp\/v2\/posts\/5407\/revisions"}],"predecessor-version":[{"id":5412,"href":"https:\/\/2016.forzaitalia.pl\/index.php\/wp-json\/wp\/v2\/posts\/5407\/revisions\/5412"}],"wp:attachment":[{"href":"https:\/\/2016.forzaitalia.pl\/index.php\/wp-json\/wp\/v2\/media?parent=5407"}],"wp:term":[{"taxonomy":"category","embeddable":true,"href":"https:\/\/2016.forzaitalia.pl\/index.php\/wp-json\/wp\/v2\/categories?post=5407"},{"taxonomy":"post_tag","embeddable":true,"href":"https:\/\/2016.forzaitalia.pl\/index.php\/wp-json\/wp\/v2\/tags?post=5407"}],"curies":[{"name":"wp","href":"https:\/\/api.w.org\/{rel}","templated":true}]}}