{"id":5201,"date":"2016-09-06T19:09:53","date_gmt":"2016-09-06T19:09:53","guid":{"rendered":"http:\/\/2016.forzaitalia.pl\/?p=5201"},"modified":"2016-09-06T19:09:53","modified_gmt":"2016-09-06T19:09:53","slug":"vespa-piaggio-i-gilera-na-forzy","status":"publish","type":"post","link":"https:\/\/2016.forzaitalia.pl\/index.php\/2016\/09\/06\/vespa-piaggio-i-gilera-na-forzy\/","title":{"rendered":"Vespa, Piaggio i Gilera na Forzy!"},"content":{"rendered":"<p>Do naszych partner\u00f3w do\u0142\u0105czy\u0142 Inter Cars SA \u2013 oficjalny importer skuter\u00f3w marki <a href=\"http:\/\/piaggio-polska.pl\/\">Piaggio<\/a>, <a href=\"http:\/\/vespa-polska.pl\">Vespa<\/a> i <a href=\"http:\/\/gilera-polska.pl\/\">Gilera<\/a>. Po raz kolejny na naszym wydarzeniu\u00a0obecny b\u0119dzie r\u00f3wnie\u017c <a href=\"http:\/\/scootracer.pl\">Scootracer<\/a>, kt\u00f3ry nale\u017cy do sieci dealerskiej. Vespa obchodzi w tym roku 70-te urodziny wi\u0119c nie zabraknie specjalnej ekspozycji. Dochodz\u0105 nas te\u017c s\u0142uchy, \u017ce nadjedzie spora reprezentacja Vespisti, znowu troch\u0119 zadymi\u0107 \ud83d\ude09<\/p>\n<p><img loading=\"lazy\" decoding=\"async\" class=\"alignnone size-large wp-image-5202\" src=\"http:\/\/2016.forzaitalia.pl\/wp-content\/uploads\/2016\/09\/70anniversary-mainimage-1024x705.png\" alt=\"Vespa 70-te urodziny\" width=\"1024\" height=\"705\" srcset=\"https:\/\/2016.forzaitalia.pl\/wp-content\/uploads\/2016\/09\/70anniversary-mainimage-1024x705.png 1024w, https:\/\/2016.forzaitalia.pl\/wp-content\/uploads\/2016\/09\/70anniversary-mainimage-300x206.png 300w, https:\/\/2016.forzaitalia.pl\/wp-content\/uploads\/2016\/09\/70anniversary-mainimage-768x529.png 768w, https:\/\/2016.forzaitalia.pl\/wp-content\/uploads\/2016\/09\/70anniversary-mainimage.png 1235w\" sizes=\"auto, (max-width: 1024px) 100vw, 1024px\" \/><\/p>\n<figure id=\"attachment_58\" aria-describedby=\"caption-attachment-58\" style=\"width: 1024px\" class=\"wp-caption alignnone\"><img loading=\"lazy\" decoding=\"async\" class=\"size-large wp-image-58\" src=\"http:\/\/2016.forzaitalia.pl\/wp-content\/uploads\/2016\/08\/8008658482_9583c9a185_o-1024x683.jpg\" alt=\"Piknik Forza Italia Pa\u0142ac Obory\" width=\"1024\" height=\"683\" srcset=\"https:\/\/2016.forzaitalia.pl\/wp-content\/uploads\/2016\/08\/8008658482_9583c9a185_o-1024x683.jpg 1024w, https:\/\/2016.forzaitalia.pl\/wp-content\/uploads\/2016\/08\/8008658482_9583c9a185_o-300x200.jpg 300w, https:\/\/2016.forzaitalia.pl\/wp-content\/uploads\/2016\/08\/8008658482_9583c9a185_o-768x512.jpg 768w, https:\/\/2016.forzaitalia.pl\/wp-content\/uploads\/2016\/08\/8008658482_9583c9a185_o.jpg 1280w\" sizes=\"auto, (max-width: 1024px) 100vw, 1024px\" \/><figcaption id=\"caption-attachment-58\" class=\"wp-caption-text\">Piknik Forza Italia Pa\u0142ac Obory<\/figcaption><\/figure>\n","protected":false},"excerpt":{"rendered":"<p>Do naszych partner\u00f3w do\u0142\u0105czy\u0142 Inter Cars SA \u2013 oficjalny importer skuter\u00f3w marki Piaggio, Vespa i Gilera. Po raz kolejny na naszym wydarzeniu\u00a0obecny b\u0119dzie r\u00f3wnie\u017c Scootracer, kt\u00f3ry nale\u017cy do sieci dealerskiej. Vespa obchodzi w tym roku 70-te urodziny wi\u0119c nie zabraknie specjalnej ekspozycji. Dochodz\u0105 nas te\u017c s\u0142uchy, \u017ce nadjedzie spora reprezentacja Vespisti, znowu troch\u0119 zadymi\u0107 \ud83d\ude09<\/p>\n","protected":false},"author":1,"featured_media":0,"comment_status":"open","ping_status":"open","sticky":false,"template":"","format":"standard","meta":{"_monsterinsights_skip_tracking":false,"_monsterinsights_sitenote_active":false,"_monsterinsights_sitenote_note":"","_monsterinsights_sitenote_category":0,"footnotes":""},"categories":[3],"tags":[],"class_list":["post-5201","post","type-post","status-publish","format-standard","hentry","category-atrakcje","has-post-title","has-post-date","has-post-category","has-post-tag","has-post-comment","has-post-author",""],"builder_content":"","_links":{"self":[{"href":"https:\/\/2016.forzaitalia.pl\/index.php\/wp-json\/wp\/v2\/posts\/5201","targetHints":{"allow":["GET"]}}],"collection":[{"href":"https:\/\/2016.forzaitalia.pl\/index.php\/wp-json\/wp\/v2\/posts"}],"about":[{"href":"https:\/\/2016.forzaitalia.pl\/index.php\/wp-json\/wp\/v2\/types\/post"}],"author":[{"embeddable":true,"href":"https:\/\/2016.forzaitalia.pl\/index.php\/wp-json\/wp\/v2\/users\/1"}],"replies":[{"embeddable":true,"href":"https:\/\/2016.forzaitalia.pl\/index.php\/wp-json\/wp\/v2\/comments?post=5201"}],"version-history":[{"count":1,"href":"https:\/\/2016.forzaitalia.pl\/index.php\/wp-json\/wp\/v2\/posts\/5201\/revisions"}],"predecessor-version":[{"id":5203,"href":"https:\/\/2016.forzaitalia.pl\/index.php\/wp-json\/wp\/v2\/posts\/5201\/revisions\/5203"}],"wp:attachment":[{"href":"https:\/\/2016.forzaitalia.pl\/index.php\/wp-json\/wp\/v2\/media?parent=5201"}],"wp:term":[{"taxonomy":"category","embeddable":true,"href":"https:\/\/2016.forzaitalia.pl\/index.php\/wp-json\/wp\/v2\/categories?post=5201"},{"taxonomy":"post_tag","embeddable":true,"href":"https:\/\/2016.forzaitalia.pl\/index.php\/wp-json\/wp\/v2\/tags?post=5201"}],"curies":[{"name":"wp","href":"https:\/\/api.w.org\/{rel}","templated":true}]}}