{"id":139,"date":"2016-08-17T21:49:44","date_gmt":"2016-08-17T21:49:44","guid":{"rendered":"http:\/\/2016.forzaitalia.pl\/?p=139"},"modified":"2016-08-17T22:00:46","modified_gmt":"2016-08-17T22:00:46","slug":"specjalny-konkurs-motosoul","status":"publish","type":"post","link":"https:\/\/2016.forzaitalia.pl\/index.php\/2016\/08\/17\/specjalny-konkurs-motosoul\/","title":{"rendered":"Specjalny konkurs MotoSoul"},"content":{"rendered":"<p><a href=\"http:\/\/motosoul.pl\">Moto Soul<\/a> to blog, kt\u00f3ry od pocz\u0105tku swojego istnienia, jest obecny na Forza Italia. Piotr, prywatnie w\u0142a\u015bciciel Fiata Barchetta, to zapalony mi\u0142o\u015bnik w\u0142oskiej motoryzacji. I chocia\u017c w jego gara\u017cu go\u015bci te\u017c hiszpa\u0144ski pojazd to mi\u0142o\u015b\u0107 do w\u0142oskiej motoryzacji wci\u0105\u017c jest gor\u0105ca.<\/p>\n<p>W tym roku Moto Soul b\u0119dzie organizowa\u0142 te\u017c, podobnie jak w 2014 roku, ma\u0142y konkurs dla uczestnik\u00f3w naszego spotkania. Wi\u0119cej szczeg\u00f3\u0142\u00f3w wkr\u00f3tce!<\/p>\n<p><img loading=\"lazy\" decoding=\"async\" class=\"alignnone size-large wp-image-147\" src=\"http:\/\/2016.forzaitalia.pl\/wp-content\/uploads\/2016\/08\/motosoul-1024x640.jpg\" alt=\"Moto Soul\" width=\"1024\" height=\"640\" srcset=\"https:\/\/2016.forzaitalia.pl\/wp-content\/uploads\/2016\/08\/motosoul.jpg 1024w, https:\/\/2016.forzaitalia.pl\/wp-content\/uploads\/2016\/08\/motosoul-300x188.jpg 300w, https:\/\/2016.forzaitalia.pl\/wp-content\/uploads\/2016\/08\/motosoul-768x480.jpg 768w\" sizes=\"auto, (max-width: 1024px) 100vw, 1024px\" \/><\/p>\n","protected":false},"excerpt":{"rendered":"<p>Moto Soul to blog, kt\u00f3ry od pocz\u0105tku swojego istnienia, jest obecny na Forza Italia. Piotr, prywatnie w\u0142a\u015bciciel Fiata Barchetta, to zapalony mi\u0142o\u015bnik w\u0142oskiej motoryzacji. I chocia\u017c w jego gara\u017cu go\u015bci te\u017c hiszpa\u0144ski pojazd to mi\u0142o\u015b\u0107 do w\u0142oskiej motoryzacji wci\u0105\u017c jest gor\u0105ca. W tym roku Moto Soul b\u0119dzie organizowa\u0142 te\u017c, podobnie jak w 2014 roku, ma\u0142y [&hellip;]<\/p>\n","protected":false},"author":1,"featured_media":0,"comment_status":"open","ping_status":"open","sticky":false,"template":"","format":"standard","meta":{"_monsterinsights_skip_tracking":false,"_monsterinsights_sitenote_active":false,"_monsterinsights_sitenote_note":"","_monsterinsights_sitenote_category":0,"footnotes":""},"categories":[2],"tags":[],"class_list":["post-139","post","type-post","status-publish","format-standard","hentry","category-aktualnosci","has-post-title","has-post-date","has-post-category","has-post-tag","has-post-comment","has-post-author",""],"builder_content":"","_links":{"self":[{"href":"https:\/\/2016.forzaitalia.pl\/index.php\/wp-json\/wp\/v2\/posts\/139","targetHints":{"allow":["GET"]}}],"collection":[{"href":"https:\/\/2016.forzaitalia.pl\/index.php\/wp-json\/wp\/v2\/posts"}],"about":[{"href":"https:\/\/2016.forzaitalia.pl\/index.php\/wp-json\/wp\/v2\/types\/post"}],"author":[{"embeddable":true,"href":"https:\/\/2016.forzaitalia.pl\/index.php\/wp-json\/wp\/v2\/users\/1"}],"replies":[{"embeddable":true,"href":"https:\/\/2016.forzaitalia.pl\/index.php\/wp-json\/wp\/v2\/comments?post=139"}],"version-history":[{"count":3,"href":"https:\/\/2016.forzaitalia.pl\/index.php\/wp-json\/wp\/v2\/posts\/139\/revisions"}],"predecessor-version":[{"id":148,"href":"https:\/\/2016.forzaitalia.pl\/index.php\/wp-json\/wp\/v2\/posts\/139\/revisions\/148"}],"wp:attachment":[{"href":"https:\/\/2016.forzaitalia.pl\/index.php\/wp-json\/wp\/v2\/media?parent=139"}],"wp:term":[{"taxonomy":"category","embeddable":true,"href":"https:\/\/2016.forzaitalia.pl\/index.php\/wp-json\/wp\/v2\/categories?post=139"},{"taxonomy":"post_tag","embeddable":true,"href":"https:\/\/2016.forzaitalia.pl\/index.php\/wp-json\/wp\/v2\/tags?post=139"}],"curies":[{"name":"wp","href":"https:\/\/api.w.org\/{rel}","templated":true}]}}